{"id":151,"date":"2017-09-18T06:25:20","date_gmt":"2017-09-18T04:25:20","guid":{"rendered":"http:\/\/aspeam.fr\/?p=151"},"modified":"2018-10-31T07:56:40","modified_gmt":"2018-10-31T06:56:40","slug":"151","status":"publish","type":"post","link":"https:\/\/aspeam.fr\/index.php\/2017\/09\/18\/151\/","title":{"rendered":"Journ\u00e9e des Associations Historiques des Alpes-Maritimes 2017"},"content":{"rendered":"\t\t<div data-elementor-type=\"wp-post\" data-elementor-id=\"151\" class=\"elementor elementor-151 elementor-bc-flex-widget\">\n\t\t\t\t\t\t\t\t\t<section class=\"elementor-section elementor-top-section elementor-element elementor-element-1603f852 elementor-section-boxed elementor-section-height-default elementor-section-height-default\" data-id=\"1603f852\" data-element_type=\"section\">\n\t\t\t\t\t\t<div class=\"elementor-container elementor-column-gap-default\">\n\t\t\t\t\t<div class=\"elementor-column elementor-col-100 elementor-top-column elementor-element elementor-element-fb679f8\" data-id=\"fb679f8\" data-element_type=\"column\">\n\t\t\t<div class=\"elementor-widget-wrap\">\n\t\t\t\t\t\t\t\t\t<\/div>\n\t\t<\/div>\n\t\t\t\t\t\t\t<\/div>\n\t\t<\/section>\n\t\t\t\t<section class=\"elementor-section elementor-top-section elementor-element elementor-element-f716e60 elementor-section-boxed elementor-section-height-default elementor-section-height-default\" data-id=\"f716e60\" data-element_type=\"section\">\n\t\t\t\t\t\t<div class=\"elementor-container elementor-column-gap-default\">\n\t\t\t\t\t<div class=\"elementor-column elementor-col-50 elementor-top-column elementor-element elementor-element-0fa3929\" data-id=\"0fa3929\" data-element_type=\"column\">\n\t\t\t<div class=\"elementor-widget-wrap elementor-element-populated\">\n\t\t\t\t\t\t\t\t<div class=\"elementor-element elementor-element-41e6356 elementor-widget elementor-widget-image\" data-id=\"41e6356\" data-element_type=\"widget\" data-widget_type=\"image.default\">\n\t\t\t\t<div class=\"elementor-widget-container\">\n\t\t\t\t\t\t\t\t\t\t\t\t\t\t\t\t<a href=\"http:\/\/aspeam.fr\/wp-content\/uploads\/2018\/06\/Journ\u00e9e-des-associations-Contes-7-oct-2017.jpg\" data-elementor-open-lightbox=\"yes\" data-elementor-lightbox-title=\"Journ\u00e9e des associations Contes 7 oct 2017\" data-e-action-hash=\"#elementor-action%3Aaction%3Dlightbox%26settings%3DeyJpZCI6MTUyLCJ1cmwiOiJodHRwczpcL1wvYXNwZWFtLmZyXC93cC1jb250ZW50XC91cGxvYWRzXC8yMDE4XC8wNlwvSm91cm5cdTAwZTllLWRlcy1hc3NvY2lhdGlvbnMtQ29udGVzLTctb2N0LTIwMTctZTE1MzQzNzg4NzI0ODIuanBnIn0%3D\">\n\t\t\t\t\t\t\t<img loading=\"lazy\" decoding=\"async\" width=\"200\" height=\"284\" src=\"https:\/\/aspeam.fr\/wp-content\/uploads\/2018\/06\/Journ\u00e9e-des-associations-Contes-7-oct-2017-e1534378872482.jpg\" class=\"attachment-large size-large wp-image-152\" alt=\"\" \/>\t\t\t\t\t\t\t\t<\/a>\n\t\t\t\t\t\t\t\t\t\t\t\t\t\t\t<\/div>\n\t\t\t\t<\/div>\n\t\t\t\t\t<\/div>\n\t\t<\/div>\n\t\t\t\t<div class=\"elementor-column elementor-col-50 elementor-top-column elementor-element elementor-element-ea91602\" data-id=\"ea91602\" data-element_type=\"column\">\n\t\t\t<div class=\"elementor-widget-wrap elementor-element-populated\">\n\t\t\t\t\t\t\t\t<div class=\"elementor-element elementor-element-d4509ce elementor-widget elementor-widget-text-editor\" data-id=\"d4509ce\" data-element_type=\"widget\" data-widget_type=\"text-editor.default\">\n\t\t\t\t<div class=\"elementor-widget-container\">\n\t\t\t\t\t\t\t<p><strong>Venez \u00e0 notre rencontre le samedi 7 octobre 2017 \u00e0 la maison pour tous de Contes <\/strong><strong>lors de la Journ\u00e9e des Associations Historiques des Alpes-Maritimes. <\/strong><\/p><p>Entr\u00e9e libre.<\/p>\t\t\t\t\t\t<\/div>\n\t\t\t\t<\/div>\n\t\t\t\t\t<\/div>\n\t\t<\/div>\n\t\t\t\t\t\t\t<\/div>\n\t\t<\/section>\n\t\t\t\t\t\t\t<\/div>\n\t\t","protected":false},"excerpt":{"rendered":"<p>Venez \u00e0 notre rencontre le samedi 7 octobre 2017 \u00e0 la maison pour tous de Contes lors de la Journ\u00e9e des Associations Historiques des Alpes-Maritimes. Entr\u00e9e libre.<\/p>\n","protected":false},"author":1,"featured_media":152,"comment_status":"open","ping_status":"open","sticky":false,"template":"","format":"standard","meta":{"_jetpack_memberships_contains_paid_content":false,"footnotes":""},"categories":[12],"tags":[31,32],"jetpack_sharing_enabled":true,"jetpack_featured_media_url":"https:\/\/aspeam.fr\/wp-content\/uploads\/2018\/06\/Journ\u00e9e-des-associations-Contes-7-oct-2017-e1534378872482.jpg","_links":{"self":[{"href":"https:\/\/aspeam.fr\/index.php\/wp-json\/wp\/v2\/posts\/151"}],"collection":[{"href":"https:\/\/aspeam.fr\/index.php\/wp-json\/wp\/v2\/posts"}],"about":[{"href":"https:\/\/aspeam.fr\/index.php\/wp-json\/wp\/v2\/types\/post"}],"author":[{"embeddable":true,"href":"https:\/\/aspeam.fr\/index.php\/wp-json\/wp\/v2\/users\/1"}],"replies":[{"embeddable":true,"href":"https:\/\/aspeam.fr\/index.php\/wp-json\/wp\/v2\/comments?post=151"}],"version-history":[{"count":12,"href":"https:\/\/aspeam.fr\/index.php\/wp-json\/wp\/v2\/posts\/151\/revisions"}],"predecessor-version":[{"id":565,"href":"https:\/\/aspeam.fr\/index.php\/wp-json\/wp\/v2\/posts\/151\/revisions\/565"}],"wp:featuredmedia":[{"embeddable":true,"href":"https:\/\/aspeam.fr\/index.php\/wp-json\/wp\/v2\/media\/152"}],"wp:attachment":[{"href":"https:\/\/aspeam.fr\/index.php\/wp-json\/wp\/v2\/media?parent=151"}],"wp:term":[{"taxonomy":"category","embeddable":true,"href":"https:\/\/aspeam.fr\/index.php\/wp-json\/wp\/v2\/categories?post=151"},{"taxonomy":"post_tag","embeddable":true,"href":"https:\/\/aspeam.fr\/index.php\/wp-json\/wp\/v2\/tags?post=151"}],"curies":[{"name":"wp","href":"https:\/\/api.w.org\/{rel}","templated":true}]}}