{"id":1645,"date":"2022-07-19T10:59:16","date_gmt":"2022-07-19T08:59:16","guid":{"rendered":"https:\/\/aspeam.fr\/?p=1645"},"modified":"2022-07-19T10:59:16","modified_gmt":"2022-07-19T08:59:16","slug":"journee-de-la-memoire-ce-vendredi-a-auron","status":"publish","type":"post","link":"https:\/\/aspeam.fr\/index.php\/2022\/07\/19\/journee-de-la-memoire-ce-vendredi-a-auron\/","title":{"rendered":"Journ\u00e9e de la m\u00e9moire ce vendredi, \u00e0 Auron"},"content":{"rendered":"\n<p>Extrait de Nice-Matin, 17 juillet 2022 : <\/p>\n\n\n\n<div data-wp-interactive=\"core\/file\" class=\"wp-block-file\"><object data-wp-bind--hidden=\"!state.hasPdfPreview\"  class=\"wp-block-file__embed\" data=\"https:\/\/aspeam.fr\/wp-content\/uploads\/2022\/07\/Journee-de-la-memoire.pdf\" type=\"application\/pdf\" style=\"width:100%;height:600px\" aria-label=\"Contenu embarqu\u00e9 Contenu embarqu\u00e9 Journee-de-la-memoire..\"><\/object><a href=\"https:\/\/aspeam.fr\/wp-content\/uploads\/2022\/07\/Journee-de-la-memoire.pdf\">Journee-de-la-memoire<\/a><a href=\"https:\/\/aspeam.fr\/wp-content\/uploads\/2022\/07\/Journee-de-la-memoire.pdf\" class=\"wp-block-file__button\" download>T\u00e9l\u00e9charger<\/a><\/div>\n","protected":false},"excerpt":{"rendered":"<p>Extrait de Nice-Matin, 17 juillet 2022 :<\/p>\n","protected":false},"author":1,"featured_media":1647,"comment_status":"closed","ping_status":"closed","sticky":false,"template":"","format":"standard","meta":{"_jetpack_memberships_contains_paid_content":false,"footnotes":""},"categories":[64],"tags":[170],"jetpack_sharing_enabled":true,"jetpack_featured_media_url":"https:\/\/aspeam.fr\/wp-content\/uploads\/2022\/07\/auron.png","_links":{"self":[{"href":"https:\/\/aspeam.fr\/index.php\/wp-json\/wp\/v2\/posts\/1645"}],"collection":[{"href":"https:\/\/aspeam.fr\/index.php\/wp-json\/wp\/v2\/posts"}],"about":[{"href":"https:\/\/aspeam.fr\/index.php\/wp-json\/wp\/v2\/types\/post"}],"author":[{"embeddable":true,"href":"https:\/\/aspeam.fr\/index.php\/wp-json\/wp\/v2\/users\/1"}],"replies":[{"embeddable":true,"href":"https:\/\/aspeam.fr\/index.php\/wp-json\/wp\/v2\/comments?post=1645"}],"version-history":[{"count":1,"href":"https:\/\/aspeam.fr\/index.php\/wp-json\/wp\/v2\/posts\/1645\/revisions"}],"predecessor-version":[{"id":1648,"href":"https:\/\/aspeam.fr\/index.php\/wp-json\/wp\/v2\/posts\/1645\/revisions\/1648"}],"wp:featuredmedia":[{"embeddable":true,"href":"https:\/\/aspeam.fr\/index.php\/wp-json\/wp\/v2\/media\/1647"}],"wp:attachment":[{"href":"https:\/\/aspeam.fr\/index.php\/wp-json\/wp\/v2\/media?parent=1645"}],"wp:term":[{"taxonomy":"category","embeddable":true,"href":"https:\/\/aspeam.fr\/index.php\/wp-json\/wp\/v2\/categories?post=1645"},{"taxonomy":"post_tag","embeddable":true,"href":"https:\/\/aspeam.fr\/index.php\/wp-json\/wp\/v2\/tags?post=1645"}],"curies":[{"name":"wp","href":"https:\/\/api.w.org\/{rel}","templated":true}]}}