{"id":2864,"date":"2024-09-07T19:57:22","date_gmt":"2024-09-07T17:57:22","guid":{"rendered":"https:\/\/aspeam.fr\/?p=2864"},"modified":"2024-09-07T19:57:22","modified_gmt":"2024-09-07T17:57:22","slug":"appel-a-communications-congres-national-des-societes-historiques-et-scientifiques-2025","status":"publish","type":"post","link":"https:\/\/aspeam.fr\/index.php\/2024\/09\/07\/appel-a-communications-congres-national-des-societes-historiques-et-scientifiques-2025\/","title":{"rendered":"APPEL \u00c0 COMMUNICATIONS Congr\u00e8s national des soci\u00e9t\u00e9s historiques et scientifiques 2025"},"content":{"rendered":"\n<h1 class=\"wp-block-heading\"><em><strong>Reconstruire, r\u00e9former, refonder<\/strong><\/em><\/h1>\n\n\n\n<h2 class=\"wp-block-heading\">Le prochain <strong>Congr\u00e8s national des soci\u00e9t\u00e9s historiques et scientifiques<\/strong> se d\u00e9roulera <strong>du lundi 14 au vendredi 18 avril 2025<\/strong><br><strong>\u00e0<\/strong> <strong>Orl\u00e9ans.<\/strong><\/h2>\n\n\n\n<h2 class=\"wp-block-heading\">Vous pouvez d\u00e8s \u00e0 pr\u00e9sent nous faire parvenir vos <strong>propositions de communications<\/strong> en vous inscrivant directement sur <a href=\"http:\/\/cths.fr\/co\/congres.php\" target=\"_blank\" rel=\"noreferrer noopener\"><u>le site internet du CTHS<\/u><\/a> ou en \u00e9crivant \u00e0 l&rsquo;adresse congres@cths.fr<\/h2>\n\n\n\n<h2 class=\"wp-block-heading\">Les candidatures doivent nous \u00eatre envoy\u00e9es <strong>avant le vendredi 18 octobre 2024.<\/strong><br><br><em>Les dossiers re\u00e7us apr\u00e8s cette date ne pourront \u00eatre pris en compte.<\/em><\/h2>\n\n\n\n<p><strong>Retrouvez l&rsquo;ensemble des informations et <\/strong><a target=\"_blank\" href=\"http:\/\/cths.fr\/_files\/co\/c_00177\/instructions.pdf\" rel=\"noreferrer noopener\"><strong><u>consignes<\/u><\/strong><\/a><strong> relatives au Congr\u00e8s 2025 sur notre <\/strong><a target=\"_blank\" href=\"http:\/\/cths.fr\/co\/congres.php\" rel=\"noreferrer noopener\"><strong><u>site internet<\/u>.<\/strong><\/a><\/p>\n\n\n\n<div data-wp-interactive=\"core\/file\" class=\"wp-block-file\"><object data-wp-bind--hidden=\"!state.hasPdfPreview\"  class=\"wp-block-file__embed\" data=\"https:\/\/aspeam.fr\/wp-content\/uploads\/2024\/09\/appel-a-communication-CTHS.pdf\" type=\"application\/pdf\" style=\"width:100%;height:600px\" aria-label=\"Contenu embarqu\u00e9 appel-a-communication-CTHS.\"><\/object><a id=\"wp-block-file--media-0a9ec3ad-a813-4e2f-bb73-402b326bce78\" href=\"https:\/\/aspeam.fr\/wp-content\/uploads\/2024\/09\/appel-a-communication-CTHS.pdf\">appel-a-communication-CTHS<\/a><a href=\"https:\/\/aspeam.fr\/wp-content\/uploads\/2024\/09\/appel-a-communication-CTHS.pdf\" class=\"wp-block-file__button wp-element-button\" download aria-describedby=\"wp-block-file--media-0a9ec3ad-a813-4e2f-bb73-402b326bce78\">T\u00e9l\u00e9charger<\/a><\/div>\n","protected":false},"excerpt":{"rendered":"<p>Reconstruire, r\u00e9former, refonder Le prochain Congr\u00e8s national des soci\u00e9t\u00e9s historiques et scientifiques se d\u00e9roulera du lundi 14 au vendredi 18 avril 2025\u00e0 Orl\u00e9ans. Vous pouvez d\u00e8s \u00e0 pr\u00e9sent nous faire parvenir vos propositions de communications en vous inscrivant directement sur le site internet du CTHS ou en \u00e9crivant \u00e0 l&rsquo;adresse congres@cths.fr Les candidatures doivent nous \u00eatre envoy\u00e9es avant le vendredi 18 octobre 2024. Les dossiers re\u00e7us apr\u00e8s cette date ne pourront \u00eatre pris en compte. Retrouvez l&rsquo;ensemble des informations et consignes relatives au Congr\u00e8s 2025 sur notre site internet.<\/p>\n","protected":false},"author":1,"featured_media":0,"comment_status":"closed","ping_status":"closed","sticky":false,"template":"","format":"standard","meta":{"_jetpack_memberships_contains_paid_content":false,"footnotes":""},"categories":[12],"tags":[],"jetpack_sharing_enabled":true,"jetpack_featured_media_url":"","_links":{"self":[{"href":"https:\/\/aspeam.fr\/index.php\/wp-json\/wp\/v2\/posts\/2864"}],"collection":[{"href":"https:\/\/aspeam.fr\/index.php\/wp-json\/wp\/v2\/posts"}],"about":[{"href":"https:\/\/aspeam.fr\/index.php\/wp-json\/wp\/v2\/types\/post"}],"author":[{"embeddable":true,"href":"https:\/\/aspeam.fr\/index.php\/wp-json\/wp\/v2\/users\/1"}],"replies":[{"embeddable":true,"href":"https:\/\/aspeam.fr\/index.php\/wp-json\/wp\/v2\/comments?post=2864"}],"version-history":[{"count":1,"href":"https:\/\/aspeam.fr\/index.php\/wp-json\/wp\/v2\/posts\/2864\/revisions"}],"predecessor-version":[{"id":2866,"href":"https:\/\/aspeam.fr\/index.php\/wp-json\/wp\/v2\/posts\/2864\/revisions\/2866"}],"wp:attachment":[{"href":"https:\/\/aspeam.fr\/index.php\/wp-json\/wp\/v2\/media?parent=2864"}],"wp:term":[{"taxonomy":"category","embeddable":true,"href":"https:\/\/aspeam.fr\/index.php\/wp-json\/wp\/v2\/categories?post=2864"},{"taxonomy":"post_tag","embeddable":true,"href":"https:\/\/aspeam.fr\/index.php\/wp-json\/wp\/v2\/tags?post=2864"}],"curies":[{"name":"wp","href":"https:\/\/api.w.org\/{rel}","templated":true}]}}