{"id":3181,"date":"2025-01-21T09:18:31","date_gmt":"2025-01-21T08:18:31","guid":{"rendered":"https:\/\/aspeam.fr\/?p=3181"},"modified":"2025-01-21T09:18:31","modified_gmt":"2025-01-21T08:18:31","slug":"les-nuits-de-la-lecture-23-au-26-janvier-2025","status":"publish","type":"post","link":"https:\/\/aspeam.fr\/index.php\/2025\/01\/21\/les-nuits-de-la-lecture-23-au-26-janvier-2025\/","title":{"rendered":"Les nuits de la lecture &#8211; 23 au 26 janvier 2025"},"content":{"rendered":"\n<p>Ce th\u00e8me renvoie d\u2019abord \u00e0&nbsp;<strong>la litt\u00e9rature de l\u2019intime<\/strong>&nbsp;: au patrimoine que nous ont l\u00e9gu\u00e9 nos a\u00efeux, \u00e0 ce qui nous a \u00e9t\u00e9 transmis, ou non, \u00e0 travers les g\u00e9n\u00e9rations et que l\u2019auteur choisit d\u2019\u00e9voquer dans son \u0153uvre ; un corps, des biens (y compris des livres), une culture, parfois des traumatismes, le patrimoine alors entendu comme l\u2019histoire propre de notre famille, r\u00e9elle ou construite, sans cesse actualis\u00e9e. &nbsp;<br><strong>Le patrimoine est aussi collectif<\/strong>&nbsp;et proc\u00e8de d\u2019un h\u00e9ritage commun, qui se mesure \u00e0 l\u2019\u00e9chelle d\u2019un territoire, d\u2019une nation et parfois, de l\u2019humanit\u00e9. La litt\u00e9rature est \u00e0 la fois une composante de ce patrimoine, et une mani\u00e8re de le rendre vivant.<br>Elle nourrit le&nbsp;<strong>patrimoine culturel mat\u00e9riel<\/strong>, \u00e0 travers la transmission de biblioth\u00e8ques exceptionnelles, et&nbsp;<strong>immat\u00e9riel<\/strong>, fa\u00e7onnant aussi nos connaissances, nos repr\u00e9sentations et nos savoir-faire. Un pan de la litt\u00e9rature et de ses \u00e9crivains peut devenir \u00ab patrimonial \u00bb, et nos auteurs contemporains constitueront le patrimoine de demain.<br>Enfin,&nbsp;<strong>le patrimoine, en tant que lieu<\/strong>&nbsp;<strong>ou b\u00e2timent<\/strong>&nbsp;pr\u00e9sentant un int\u00e9r\u00eat arch\u00e9ologique, artistique, culturel, scientifique, intellectuel, religieux ou naturel, qu\u2019il s\u2019agisse d\u2019un monument historique, d\u2019une \u00e9glise de village ou d\u2019un parc naturel, peut \u00eatre un formidable terrain de jeu pour les auteurs comme pour les lecteurs. Ces 9e Nuits de la lecture sont aussi&nbsp;<strong>l\u2019occasion d\u2019organiser des rencontres et des lectures dans les sites patrimoniaux<\/strong>&nbsp;qui vous inspirent et qui inspirent les auteurs !<\/p>\n\n\n\n<p>Voici le d\u00e9tail des animations de janvier&nbsp;:<\/p>\n\n\n\n<p><strong>Jeudi 23 janvier \u00e0 19h&nbsp;<\/strong>: Parenth\u00e8se litt\u00e9rairedans le cadre des Nuits de la Lecture&nbsp;<strong><br><\/strong><strong><br><\/strong>Coline vous pr\u00e9sentera ses coups de c\u0153ur autour de la litt\u00e9rature de l\u2019intime.<br><br>Gratuit \u2013 sur inscription<strong><br><\/strong>*****<\/p>\n\n\n\n<p><strong><br>Samedi 25 janvier \u00e0 13h&nbsp;<\/strong>: Atelier d\u2019\u00e9criture sur le th\u00e8me des Nuits de la Lecture, les patrimoines<br><br>\u00c0 l&rsquo;occasion des Nuits de la lecture, venez vous essayer \u00e0 l&rsquo;\u00e9criture sur les th\u00e9matiques 2025 de cet \u00e9v\u00e8nement : \u00ab\u00a0le patrimoine et l&rsquo;intime\u00a0\u00bb. Guid\u00e9s par Natalia Ardis et R\u00e9mi Collin, imaginez des r\u00e9cits, cr\u00e9ez de la po\u00e9sie et partagez, si vous le souhaitez, vos cr\u00e9ations par une lecture \u00e0 la fin de la s\u00e9ance.<\/p>\n\n\n\n<p>\u0152uvres sur lesquelles s&rsquo;appuyera ce premier atelier, \u00e0 lire en avance, si vous le souhaitez :<br><em>Salammb\u00f4<\/em>&nbsp;de Gustave Flaubert<br><em>Le jardin des Finzi-Contini<\/em>&nbsp;de Giorgio Bassani<br><em>L&rsquo;Augusta<\/em>&nbsp;de Maurice Sand<br><em>Les sonnets<\/em>&nbsp;de Michel-Ange<br><em>Les sonnets<\/em>&nbsp;de Vittoria Colonna<\/p>\n\n\n\n<p><em>Tout public \u2013 Sur inscription<br>Tarif&nbsp;: 20\u20ac par personne + 1 consommation obligatoire<br><\/em>*****<em><\/em><\/p>\n\n\n\n<p><strong>Jeudi 30 janvier \u00e0 17h30&nbsp;<\/strong>: La librairie au TDG pour&nbsp;<em>Les Gratitudes<\/em><\/p>\n\n\n\n<p>R\u00e9sum\u00e9 de la pi\u00e8ce&nbsp;:<br>Michka, une femme \u00e2g\u00e9e, perd peu \u00e0 peu l\u2019usage de la parole. Un \u00e9v\u00e9nement d\u2019autant plus bouleversant que les mots furent la vie de cette ancienne paroli\u00e8re. Plac\u00e9e dans un EHPAD, elle doit imaginer un nouveau rapport aux autres : avec Marie, jeune femme dont elle est tr\u00e8s proche, et J\u00e9r\u00f4me, l\u2019orthophoniste charg\u00e9 de la suivre, touch\u00e9 par sa qu\u00eate. Car avant de mourir, Michka voudrait retrouver le couple qui a sauv\u00e9 la petite fille qu\u2019elle \u00e9tait. Que doit-t-on r\u00e9parer avant de dispara\u00eetre ? \u00c0 qui doit-on dire merci avant de mourir ? Et surtout, comment exprimer sa reconnaissance quand on n\u2019a plus \u00ab<em>&nbsp;les mots pour le dire<\/em>&nbsp;\u00bb? Fid\u00e8le au roman, Fabien Gorgeart en d\u00e9ploie une adaptation ample et libre, o\u00f9 le chant et la musique occupent un r\u00f4le essentiel, en contrepoint de la parole qui se perd et du silence qui s\u2019installe. Une \u00e9mouvante fable, pleine de d\u00e9licatesse et magnifiquement incarn\u00e9e par Catherine Hiegel et ses partenaires de jeu.<\/p>\n\n\n\n<p>Dans le cadre de notre partenariat avec le TDG, Emilie tiendra une table th\u00e9matique avec ses coups de c\u0153ur en th\u00e9\u00e2tre avant et apr\u00e8s la pi\u00e8ce.<\/p>\n\n\n\n<figure class=\"wp-block-image size-full\"><img loading=\"lazy\" decoding=\"async\" width=\"169\" height=\"271\" src=\"https:\/\/aspeam.fr\/wp-content\/uploads\/2025\/01\/image-1.png\" alt=\"\" class=\"wp-image-3182\"\/><\/figure>\n\n\n\n<p>Plus d\u2019informations sur&nbsp;:&nbsp;<a href=\"https:\/\/www.theatredegrasse.com\/la-saison\/theatre\/les-gratitudes-24-25\">https:\/\/www.theatredegrasse.com\/la-saison\/theatre\/les-gratitudes-24-25<\/a><br>*****<\/p>\n\n\n\n<p><strong>Samedi 1<sup>er<\/sup>&nbsp;f\u00e9vrier \u00e0 10h&nbsp;<\/strong>: D\u00e9dicace de James Basson pour son beau livre&nbsp;<em>Les Jardins secs de James Basson<\/em>&nbsp;aux \u00e9ditions Ulmer<\/p>\n\n\n\n<figure class=\"wp-block-image size-full\"><img loading=\"lazy\" decoding=\"async\" width=\"169\" height=\"271\" src=\"https:\/\/aspeam.fr\/wp-content\/uploads\/2025\/01\/image-1.png\" alt=\"\" class=\"wp-image-3183\"\/><\/figure>\n\n\n\n<p>La M\u00e9diterran\u00e9e, son climat et ses paysages fascinent et inspirent le paysagiste James Basson qui transpose ses observations naturalistes dans les jardins qu&rsquo;il cr\u00e9e. Sp\u00e9cialiste des jardins secs, il nous invite \u00e0 oublier les plantations exotiques ostentatoires et le b\u00e9ton vert, et propose de fondre le jardin dans son environnement avec sobri\u00e9t\u00e9.<br>D\u00e9crypter et peindre les diff\u00e9rents milieux m\u00e9diterran\u00e9ens, entrer en r\u00e9sonance avec les rythmes climatiques pour mieux penser ses jardins, telle est la d\u00e9marche de cet amoureux de la v\u00e9g\u00e9tation des paysages naturels du Sud. Une approche unique qu&rsquo;il nous d\u00e9taille \u00e0 travers quelques-uns de ses jardins iconiques, dont un \u00e0 Chateauneuf&nbsp;! Pour une nouvelle esth\u00e9tique des jardins du XXIe si\u00e8cle.<\/p>\n\n\n\n<p>Le paysagiste&nbsp;<strong>James Basson<\/strong>&nbsp;milite depuis longtemps contre les jardins artificiellement verts en r\u00e9gion m\u00e9diterran\u00e9enne. Il a pass\u00e9 les vingt-cinq derni\u00e8res ann\u00e9es \u00e0 arpenter les paysages, \u00e0 peindre et \u00e0 concevoir des jardins dans le sud de la France dans une esth\u00e9tique et une approche qui c\u00e9l\u00e8brent \u00ab\u00a0le moins c&rsquo;est mieux\u00a0\u00bb. Laur\u00e9at de nombreux prix pour ses jardins \u00e9ph\u00e9m\u00e8res \u00e0 travers le monde, il a \u00e9galement re\u00e7u plusieurs prix pour les jardins durables qu&rsquo;il a imagin\u00e9s avec l&rsquo;\u00e9quipe de son agence Scape Design.<\/p>\n\n\n\n<p>Et vous pouvez d\u00e8s \u00e0 pr\u00e9sent noter dans vos agendas&nbsp;pour f\u00e9vrier&nbsp;:<\/p>\n\n\n\n<ul>\n<li>Mercredi 5 f\u00e9vrier \u00e0 14h\u00a0: Lecture jeunesse \u00e0 partir de 4 ans &#8211;<em>\u00a0pr\u00e9sence d\u2019un accompagnant requise \u2013 sur inscription<\/em><\/li>\n\n\n\n<li>Samedi 15 f\u00e9vrier \u00e0 14h\u00a0: Parenth\u00e8se litt\u00e9raire \u00ab\u00a0Les Pitchoun\u00a0\u00bb (livres de moins de 250 pages) anim\u00e9e par Coline et V\u00e9ronique<\/li>\n\n\n\n<li>Samedi 22 f\u00e9vrier \u00e0 14h\u00a0: Atelier d\u2019\u00e9criture anim\u00e9 par Natalia Ardis et R\u00e9mi Collin<\/li>\n\n\n\n<li>Vendredi 28 f\u00e9vrier \u00e0 18h\u00a0: Emilie au TDG pour By Heart de Tiago Rodriguez<\/li>\n<\/ul>\n","protected":false},"excerpt":{"rendered":"<p>Ce th\u00e8me renvoie d\u2019abord \u00e0&nbsp;la litt\u00e9rature de l\u2019intime&nbsp;: au patrimoine que nous ont l\u00e9gu\u00e9 nos a\u00efeux, \u00e0 ce qui nous a \u00e9t\u00e9 transmis, ou non, \u00e0 travers les g\u00e9n\u00e9rations et que l\u2019auteur choisit d\u2019\u00e9voquer dans son \u0153uvre ; un corps, des biens (y compris des livres), une culture, parfois des traumatismes, le patrimoine alors entendu comme l\u2019histoire propre de notre famille, r\u00e9elle ou construite, sans cesse actualis\u00e9e. &nbsp;Le patrimoine est aussi collectif&nbsp;et proc\u00e8de d\u2019un h\u00e9ritage commun, qui se mesure \u00e0 l\u2019\u00e9chelle d\u2019un territoire, d\u2019une nation et parfois, de l\u2019humanit\u00e9. La litt\u00e9rature est \u00e0 la fois une composante de ce patrimoine, et une mani\u00e8re de le rendre vivant.Elle nourrit le&nbsp;patrimoine culturel mat\u00e9riel, \u00e0 travers la transmission de biblioth\u00e8ques exceptionnelles, et&nbsp;immat\u00e9riel, fa\u00e7onnant aussi nos connaissances, nos repr\u00e9sentations et nos savoir-faire. Un pan de la litt\u00e9rature et de ses \u00e9crivains peut devenir \u00ab patrimonial \u00bb, et nos auteurs contemporains constitueront le patrimoine de demain.Enfin,&nbsp;le patrimoine, en tant que lieu&nbsp;ou b\u00e2timent&nbsp;pr\u00e9sentant un int\u00e9r\u00eat arch\u00e9ologique, artistique, culturel, scientifique, intellectuel, religieux ou naturel, qu\u2019il s\u2019agisse d\u2019un monument historique, d\u2019une \u00e9glise de village ou d\u2019un parc naturel, peut \u00eatre un formidable terrain de jeu pour les auteurs comme pour les lecteurs. Ces 9e Nuits de la lecture sont aussi&nbsp;l\u2019occasion d\u2019organiser des rencontres et des lectures dans les sites patrimoniaux&nbsp;qui vous inspirent et qui inspirent les auteurs ! Voici le d\u00e9tail des animations de janvier&nbsp;: Jeudi 23 janvier \u00e0 19h&nbsp;: Parenth\u00e8se litt\u00e9rairedans le cadre des Nuits de la Lecture&nbsp;Coline vous pr\u00e9sentera ses coups de c\u0153ur autour de la litt\u00e9rature de l\u2019intime. Gratuit \u2013 sur inscription***** Samedi 25 janvier \u00e0 13h&nbsp;: Atelier d\u2019\u00e9criture sur le th\u00e8me des Nuits de la Lecture, les patrimoines \u00c0 l&rsquo;occasion des Nuits de la lecture, venez vous essayer \u00e0 l&rsquo;\u00e9criture sur les th\u00e9matiques 2025 de cet \u00e9v\u00e8nement : \u00ab\u00a0le patrimoine et l&rsquo;intime\u00a0\u00bb. Guid\u00e9s par Natalia Ardis et R\u00e9mi Collin, imaginez des r\u00e9cits, cr\u00e9ez de la po\u00e9sie et partagez, si vous le souhaitez, vos cr\u00e9ations par une lecture \u00e0 la fin de la s\u00e9ance. \u0152uvres sur lesquelles s&rsquo;appuyera ce premier atelier, \u00e0 lire en avance, si vous le souhaitez :Salammb\u00f4&nbsp;de Gustave FlaubertLe jardin des Finzi-Contini&nbsp;de Giorgio BassaniL&rsquo;Augusta&nbsp;de Maurice SandLes sonnets&nbsp;de Michel-AngeLes sonnets&nbsp;de Vittoria Colonna Tout public \u2013 Sur inscriptionTarif&nbsp;: 20\u20ac par personne + 1 consommation obligatoire***** Jeudi 30 janvier \u00e0 17h30&nbsp;: La librairie au TDG pour&nbsp;Les Gratitudes R\u00e9sum\u00e9 de la pi\u00e8ce&nbsp;:Michka, une femme \u00e2g\u00e9e, perd peu \u00e0 peu l\u2019usage de la parole. Un \u00e9v\u00e9nement d\u2019autant plus bouleversant que les mots furent la vie de cette ancienne paroli\u00e8re. Plac\u00e9e dans un EHPAD, elle doit imaginer un nouveau rapport aux autres : avec Marie, jeune femme dont elle est tr\u00e8s proche, et J\u00e9r\u00f4me, l\u2019orthophoniste charg\u00e9 de la suivre, touch\u00e9 par sa qu\u00eate. Car avant de mourir, Michka voudrait retrouver le couple qui a sauv\u00e9 la petite fille qu\u2019elle \u00e9tait. Que doit-t-on r\u00e9parer avant de dispara\u00eetre ? \u00c0 qui doit-on dire merci avant de mourir ? Et surtout, comment exprimer sa reconnaissance quand on n\u2019a plus \u00ab&nbsp;les mots pour le dire&nbsp;\u00bb? Fid\u00e8le au roman, Fabien Gorgeart en d\u00e9ploie une adaptation ample et libre, o\u00f9 le chant et la musique occupent un r\u00f4le essentiel, en contrepoint de la parole qui se perd et du silence qui s\u2019installe. Une \u00e9mouvante fable, pleine de d\u00e9licatesse et magnifiquement incarn\u00e9e par Catherine Hiegel et ses partenaires de jeu. Dans le cadre de notre partenariat avec le TDG, Emilie tiendra une table th\u00e9matique avec ses coups de c\u0153ur en th\u00e9\u00e2tre avant et apr\u00e8s la pi\u00e8ce. Plus d\u2019informations sur&nbsp;:&nbsp;https:\/\/www.theatredegrasse.com\/la-saison\/theatre\/les-gratitudes-24-25***** Samedi 1er&nbsp;f\u00e9vrier \u00e0 10h&nbsp;: D\u00e9dicace de James Basson pour son beau livre&nbsp;Les Jardins secs de James Basson&nbsp;aux \u00e9ditions Ulmer La M\u00e9diterran\u00e9e, son climat et ses paysages fascinent et inspirent le paysagiste James Basson qui transpose ses observations naturalistes dans les jardins qu&rsquo;il cr\u00e9e. Sp\u00e9cialiste des jardins secs, il nous invite \u00e0 oublier les plantations exotiques ostentatoires et le b\u00e9ton vert, et propose de fondre le jardin dans son environnement avec sobri\u00e9t\u00e9.D\u00e9crypter et peindre les diff\u00e9rents milieux m\u00e9diterran\u00e9ens, entrer en r\u00e9sonance avec les rythmes climatiques pour mieux penser ses jardins, telle est la d\u00e9marche de cet amoureux de la v\u00e9g\u00e9tation des paysages naturels du Sud. Une approche unique qu&rsquo;il nous d\u00e9taille \u00e0 travers quelques-uns de ses jardins iconiques, dont un \u00e0 Chateauneuf&nbsp;! Pour une nouvelle esth\u00e9tique des jardins du XXIe si\u00e8cle. Le paysagiste&nbsp;James Basson&nbsp;milite depuis longtemps contre les jardins artificiellement verts en r\u00e9gion m\u00e9diterran\u00e9enne. Il a pass\u00e9 les vingt-cinq derni\u00e8res ann\u00e9es \u00e0 arpenter les paysages, \u00e0 peindre et \u00e0 concevoir des jardins dans le sud de la France dans une esth\u00e9tique et une approche qui c\u00e9l\u00e8brent \u00ab\u00a0le moins c&rsquo;est mieux\u00a0\u00bb. Laur\u00e9at de nombreux prix pour ses jardins \u00e9ph\u00e9m\u00e8res \u00e0 travers le monde, il a \u00e9galement re\u00e7u plusieurs prix pour les jardins durables qu&rsquo;il a imagin\u00e9s avec l&rsquo;\u00e9quipe de son agence Scape Design. Et vous pouvez d\u00e8s \u00e0 pr\u00e9sent noter dans vos agendas&nbsp;pour f\u00e9vrier&nbsp;:<\/p>\n","protected":false},"author":1,"featured_media":3185,"comment_status":"closed","ping_status":"closed","sticky":false,"template":"","format":"standard","meta":{"_jetpack_memberships_contains_paid_content":false,"footnotes":""},"categories":[12],"tags":[],"jetpack_sharing_enabled":true,"jetpack_featured_media_url":"https:\/\/aspeam.fr\/wp-content\/uploads\/2025\/01\/Nuits-de-la-lecture.jpg","_links":{"self":[{"href":"https:\/\/aspeam.fr\/index.php\/wp-json\/wp\/v2\/posts\/3181"}],"collection":[{"href":"https:\/\/aspeam.fr\/index.php\/wp-json\/wp\/v2\/posts"}],"about":[{"href":"https:\/\/aspeam.fr\/index.php\/wp-json\/wp\/v2\/types\/post"}],"author":[{"embeddable":true,"href":"https:\/\/aspeam.fr\/index.php\/wp-json\/wp\/v2\/users\/1"}],"replies":[{"embeddable":true,"href":"https:\/\/aspeam.fr\/index.php\/wp-json\/wp\/v2\/comments?post=3181"}],"version-history":[{"count":1,"href":"https:\/\/aspeam.fr\/index.php\/wp-json\/wp\/v2\/posts\/3181\/revisions"}],"predecessor-version":[{"id":3186,"href":"https:\/\/aspeam.fr\/index.php\/wp-json\/wp\/v2\/posts\/3181\/revisions\/3186"}],"wp:featuredmedia":[{"embeddable":true,"href":"https:\/\/aspeam.fr\/index.php\/wp-json\/wp\/v2\/media\/3185"}],"wp:attachment":[{"href":"https:\/\/aspeam.fr\/index.php\/wp-json\/wp\/v2\/media?parent=3181"}],"wp:term":[{"taxonomy":"category","embeddable":true,"href":"https:\/\/aspeam.fr\/index.php\/wp-json\/wp\/v2\/categories?post=3181"},{"taxonomy":"post_tag","embeddable":true,"href":"https:\/\/aspeam.fr\/index.php\/wp-json\/wp\/v2\/tags?post=3181"}],"curies":[{"name":"wp","href":"https:\/\/api.w.org\/{rel}","templated":true}]}}