{"id":3713,"date":"2025-10-08T21:54:20","date_gmt":"2025-10-08T19:54:20","guid":{"rendered":"https:\/\/aspeam.fr\/?p=3713"},"modified":"2025-10-08T21:54:20","modified_gmt":"2025-10-08T19:54:20","slug":"samedi-11-octobre-2025-a-roquebiliere-alain-otho-presente-la-frontiere-de-1861-a-1947-dans-les-alpes-maritimes","status":"publish","type":"post","link":"https:\/\/aspeam.fr\/index.php\/2025\/10\/08\/samedi-11-octobre-2025-a-roquebiliere-alain-otho-presente-la-frontiere-de-1861-a-1947-dans-les-alpes-maritimes\/","title":{"rendered":"Samedi 11 octobre 2025 \u00e0 Roquebili\u00e8re, Alain Otho pr\u00e9sente \u00ab\u00a0La fronti\u00e8re de 1861 \u00e0 1947 dans les Alpes-Maritimes\u00a0\u00bb"},"content":{"rendered":"\n<figure class=\"wp-block-image size-large\"><img loading=\"lazy\" decoding=\"async\" width=\"724\" height=\"1024\" src=\"https:\/\/aspeam.fr\/wp-content\/uploads\/2025\/10\/alain-otho-724x1024.jpg\" alt=\"\" class=\"wp-image-3714\" srcset=\"https:\/\/aspeam.fr\/wp-content\/uploads\/2025\/10\/alain-otho-724x1024.jpg 724w, https:\/\/aspeam.fr\/wp-content\/uploads\/2025\/10\/alain-otho-212x300.jpg 212w, https:\/\/aspeam.fr\/wp-content\/uploads\/2025\/10\/alain-otho-768x1086.jpg 768w, https:\/\/aspeam.fr\/wp-content\/uploads\/2025\/10\/alain-otho-1086x1536.jpg 1086w, https:\/\/aspeam.fr\/wp-content\/uploads\/2025\/10\/alain-otho-1140x1613.jpg 1140w, https:\/\/aspeam.fr\/wp-content\/uploads\/2025\/10\/alain-otho.jpg 1240w\" sizes=\"(max-width: 724px) 100vw, 724px\" \/><\/figure>\n","protected":false},"excerpt":{"rendered":"","protected":false},"author":1,"featured_media":0,"comment_status":"closed","ping_status":"closed","sticky":false,"template":"","format":"standard","meta":{"_jetpack_memberships_contains_paid_content":false,"footnotes":""},"categories":[12],"tags":[],"jetpack_sharing_enabled":true,"jetpack_featured_media_url":"","_links":{"self":[{"href":"https:\/\/aspeam.fr\/index.php\/wp-json\/wp\/v2\/posts\/3713"}],"collection":[{"href":"https:\/\/aspeam.fr\/index.php\/wp-json\/wp\/v2\/posts"}],"about":[{"href":"https:\/\/aspeam.fr\/index.php\/wp-json\/wp\/v2\/types\/post"}],"author":[{"embeddable":true,"href":"https:\/\/aspeam.fr\/index.php\/wp-json\/wp\/v2\/users\/1"}],"replies":[{"embeddable":true,"href":"https:\/\/aspeam.fr\/index.php\/wp-json\/wp\/v2\/comments?post=3713"}],"version-history":[{"count":1,"href":"https:\/\/aspeam.fr\/index.php\/wp-json\/wp\/v2\/posts\/3713\/revisions"}],"predecessor-version":[{"id":3715,"href":"https:\/\/aspeam.fr\/index.php\/wp-json\/wp\/v2\/posts\/3713\/revisions\/3715"}],"wp:attachment":[{"href":"https:\/\/aspeam.fr\/index.php\/wp-json\/wp\/v2\/media?parent=3713"}],"wp:term":[{"taxonomy":"category","embeddable":true,"href":"https:\/\/aspeam.fr\/index.php\/wp-json\/wp\/v2\/categories?post=3713"},{"taxonomy":"post_tag","embeddable":true,"href":"https:\/\/aspeam.fr\/index.php\/wp-json\/wp\/v2\/tags?post=3713"}],"curies":[{"name":"wp","href":"https:\/\/api.w.org\/{rel}","templated":true}]}}