{"id":4157,"date":"2026-08-31T15:35:29","date_gmt":"2026-08-31T13:35:29","guid":{"rendered":"https:\/\/aspeam.fr\/?p=4157"},"modified":"2026-08-31T15:35:29","modified_gmt":"2026-08-31T13:35:29","slug":"journee-europeenne-du-patrimoine-19-et-20-septembre-2026","status":"publish","type":"post","link":"https:\/\/aspeam.fr\/index.php\/2026\/08\/31\/journee-europeenne-du-patrimoine-19-et-20-septembre-2026\/","title":{"rendered":"Journ\u00e9e europ\u00e9enne du patrimoine &#8211; 19 et 20 septembre 2026"},"content":{"rendered":"\n<p>L&rsquo;\u00c9comus\u00e9e vous propose de venir d\u00e9couvrir le patrimoine vivant de Puget-Th\u00e9niers lors des Journ\u00e9es europ\u00e9ennes du patrimoine, les 19 et 20 septembre 2026.<\/p>\n\n\n\n<p>Lors de ces journ\u00e9es, nous vous invitons \u00e0 venir d\u00e9couvrir ou red\u00e9couvrir le village de Puget-Th\u00e9niers ainsi que l&rsquo;\u00c9comus\u00e9e lors de visites guid\u00e9es.<br>Celle de 10h30 sera consacr\u00e9e au village et celle de 15h30 \u00e0 l&rsquo;\u00c9comus\u00e9e o\u00f9 vous retrouverez, en plus des deux expositions temporaires \u00ab Animalement v\u00f4tre \u00bb et \u00ab Les plantes et les hommes du Mercantour \u00bb, une partie de l&rsquo;exposition sur Blanqui et son histoire li\u00e9e au village de Puget-Th\u00e9niers.<\/p>\n\n\n\n<p>Pour compl\u00e9ter votre exp\u00e9rience, vous pourrez manger dans l&rsquo;un des restaurants du village partenaire.<\/p>\n\n\n\n<p>Il est fortement recommand\u00e9 de s&rsquo;inscrire si vous voulez participer aux visites et l&rsquo;inscription est obligatoire pour le repas (avant le 16 septembre !). Le repas doit \u00e9galement \u00eatre r\u00e9gl\u00e9 au plus tard le 16 septembre.<br>Nous vous attendons avec impatience pour venir d\u00e9couvrir notre patrimoine !<\/p>\n\n\n\n<p>L&rsquo;\u00e9quipe de l&rsquo;\u00c9comus\u00e9e.<br>04 93 05 13 25<\/p>\n\n\n\n<p>roudoule@orange.fr<\/p>\n","protected":false},"excerpt":{"rendered":"<p>L&rsquo;\u00c9comus\u00e9e vous propose de venir d\u00e9couvrir le patrimoine vivant de Puget-Th\u00e9niers lors des Journ\u00e9es europ\u00e9ennes du patrimoine, les 19 et 20 septembre 2026. Lors de ces journ\u00e9es, nous vous invitons \u00e0 venir d\u00e9couvrir ou red\u00e9couvrir le village de Puget-Th\u00e9niers ainsi que l&rsquo;\u00c9comus\u00e9e lors de visites guid\u00e9es.Celle de 10h30 sera consacr\u00e9e au village et celle de 15h30 \u00e0 l&rsquo;\u00c9comus\u00e9e o\u00f9 vous retrouverez, en plus des deux expositions temporaires \u00ab Animalement v\u00f4tre \u00bb et \u00ab Les plantes et les hommes du Mercantour \u00bb, une partie de l&rsquo;exposition sur Blanqui et son histoire li\u00e9e au village de Puget-Th\u00e9niers. Pour compl\u00e9ter votre exp\u00e9rience, vous pourrez manger dans l&rsquo;un des restaurants du village partenaire. Il est fortement recommand\u00e9 de s&rsquo;inscrire si vous voulez participer aux visites et l&rsquo;inscription est obligatoire pour le repas (avant le 16 septembre !). Le repas doit \u00e9galement \u00eatre r\u00e9gl\u00e9 au plus tard le 16 septembre.Nous vous attendons avec impatience pour venir d\u00e9couvrir notre patrimoine ! L&rsquo;\u00e9quipe de l&rsquo;\u00c9comus\u00e9e.04 93 05 13 25 roudoule@orange.fr<\/p>\n","protected":false},"author":1,"featured_media":0,"comment_status":"closed","ping_status":"closed","sticky":false,"template":"","format":"standard","meta":{"_jetpack_memberships_contains_paid_content":false,"footnotes":""},"categories":[12],"tags":[],"jetpack_sharing_enabled":true,"jetpack_featured_media_url":"","_links":{"self":[{"href":"https:\/\/aspeam.fr\/index.php\/wp-json\/wp\/v2\/posts\/4157"}],"collection":[{"href":"https:\/\/aspeam.fr\/index.php\/wp-json\/wp\/v2\/posts"}],"about":[{"href":"https:\/\/aspeam.fr\/index.php\/wp-json\/wp\/v2\/types\/post"}],"author":[{"embeddable":true,"href":"https:\/\/aspeam.fr\/index.php\/wp-json\/wp\/v2\/users\/1"}],"replies":[{"embeddable":true,"href":"https:\/\/aspeam.fr\/index.php\/wp-json\/wp\/v2\/comments?post=4157"}],"version-history":[{"count":1,"href":"https:\/\/aspeam.fr\/index.php\/wp-json\/wp\/v2\/posts\/4157\/revisions"}],"predecessor-version":[{"id":4158,"href":"https:\/\/aspeam.fr\/index.php\/wp-json\/wp\/v2\/posts\/4157\/revisions\/4158"}],"wp:attachment":[{"href":"https:\/\/aspeam.fr\/index.php\/wp-json\/wp\/v2\/media?parent=4157"}],"wp:term":[{"taxonomy":"category","embeddable":true,"href":"https:\/\/aspeam.fr\/index.php\/wp-json\/wp\/v2\/categories?post=4157"},{"taxonomy":"post_tag","embeddable":true,"href":"https:\/\/aspeam.fr\/index.php\/wp-json\/wp\/v2\/tags?post=4157"}],"curies":[{"name":"wp","href":"https:\/\/api.w.org\/{rel}","templated":true}]}}