{"id":55,"date":"2018-01-01T04:34:39","date_gmt":"2018-01-01T03:34:39","guid":{"rendered":"http:\/\/aspeam.fr\/?p=55"},"modified":"2018-08-16T03:08:26","modified_gmt":"2018-08-16T01:08:26","slug":"publication-les-prudhomies-de-peche-en-mediterranee","status":"publish","type":"post","link":"https:\/\/aspeam.fr\/index.php\/2018\/01\/01\/publication-les-prudhomies-de-peche-en-mediterranee\/","title":{"rendered":"Les prud&rsquo;homies de p\u00eache en M\u00e9diterran\u00e9e"},"content":{"rendered":"\t\t<div data-elementor-type=\"wp-post\" data-elementor-id=\"55\" class=\"elementor elementor-55 elementor-bc-flex-widget\">\n\t\t\t\t\t\t\t\t\t<section class=\"elementor-section elementor-top-section elementor-element elementor-element-50223efd elementor-section-boxed elementor-section-height-default elementor-section-height-default\" data-id=\"50223efd\" data-element_type=\"section\">\n\t\t\t\t\t\t<div class=\"elementor-container elementor-column-gap-default\">\n\t\t\t\t\t<div class=\"elementor-column elementor-col-100 elementor-top-column elementor-element elementor-element-36238606\" data-id=\"36238606\" data-element_type=\"column\">\n\t\t\t<div class=\"elementor-widget-wrap elementor-element-populated\">\n\t\t\t\t\t\t\t\t<div class=\"elementor-element elementor-element-57c22a42 elementor-widget elementor-widget-text-editor\" data-id=\"57c22a42\" data-element_type=\"widget\" data-widget_type=\"text-editor.default\">\n\t\t\t\t<div class=\"elementor-widget-container\">\n\t\t\t\t\t\t\t<p><strong>R\u00e9sum\u00e9<\/strong> : Institutions ambigu\u00ebs et hybrides, les prud\u2019homies de p\u00eache constituent \u00e0 la fois une communaut\u00e9 professionnelle et une juridiction de p\u00eacheurs. Elles ont peu chang\u00e9 depuis leurs origines m\u00e9di\u00e9vales sur les bords de la M\u00e9diterran\u00e9e, elles conservent une physionomie patriarcale, paternaliste et m\u00eame quasi-familiale dans l\u2019exercice quotidien de leurs attributions.<\/p><p>Elles sont d\u2019ailleurs encore r\u00e9gies par le d\u00e9cret, \u00e0 peine modifi\u00e9, du 19 novembre 1859 sur la police de la p\u00eache dans le cinqui\u00e8me arrondissement maritime, qui comprend les ports et c\u00f4tes de M\u00e9diterran\u00e9e. Ce d\u00e9cret leur conf\u00e8re des pr\u00e9rogatives particuli\u00e8res qui octroient aux p\u00eacheurs une certaine autonomie et font toute l\u2019originalit\u00e9 de l\u2019institution. Elus par leurs pairs \u00e0 la t\u00eate des prud\u2019homies et plac\u00e9s sous l\u2019autorit\u00e9 exclusive du minist\u00e8re de la Marine, les prud\u2019hommes p\u00eacheurs sont fortement ancr\u00e9s dans les soci\u00e9t\u00e9s locales et cumulent une pluralit\u00e9 de pouvoirs dans les domaines \u00e9conomiques, sociaux, r\u00e9glementaires, disciplinaires, de police, juridiques et \u00e9cologiques. En ce sens, l\u2019institution n\u2019a pu que susciter la curiosit\u00e9, voire la perplexit\u00e9 et l\u2019interrogation, de la doctrine fran\u00e7aise et des tribunaux depuis le XIXe si\u00e8cle.<\/p><p>L\u2019int\u00e9r\u00eat de cet important travail de th\u00e8se est d\u2019expliquer, gr\u00e2ce au d\u00e9pouillement de nombreuses sources archivistiques, la p\u00e9rennit\u00e9 exceptionnelle des prud\u2019homies de p\u00eache malgr\u00e9 les nombreux changements de r\u00e9gime politique, et leurs pouvoirs exorbitants de droit commun. Il permet aussi de mesurer quels r\u00f4les effectifs peuvent encore avoir les prud\u2019homies face aux transformations de la p\u00eache maritimes et autres organisations nationales et europ\u00e9ennes, parfois concurrentes.<\/p><p><strong>Auteur<\/strong> :\u00a0Delphine Rauch est docteure en histoire du droit et chercheure associ\u00e9e au sein du Laboratoire ERMES de l\u2019Universit\u00e9 Nice Sophia Antipolis, membre de l\u2019Universit\u00e9 C\u00f4te d\u2019Azur. Ses recherches en droit maritime ont \u00e9t\u00e9 salu\u00e9es et r\u00e9compens\u00e9es par l\u2019Acad\u00e9mie de Marine et la Soci\u00e9t\u00e9 Fran\u00e7aise d\u2019Histoire Maritime.<\/p>\t\t\t\t\t\t<\/div>\n\t\t\t\t<\/div>\n\t\t\t\t\t<\/div>\n\t\t<\/div>\n\t\t\t\t\t\t\t<\/div>\n\t\t<\/section>\n\t\t\t\t<section class=\"elementor-section elementor-top-section elementor-element elementor-element-897ae98 elementor-section-boxed elementor-section-height-default elementor-section-height-default\" data-id=\"897ae98\" data-element_type=\"section\">\n\t\t\t\t\t\t<div class=\"elementor-container elementor-column-gap-default\">\n\t\t\t\t\t<div class=\"elementor-column elementor-col-50 elementor-top-column elementor-element elementor-element-220f3d7\" data-id=\"220f3d7\" data-element_type=\"column\">\n\t\t\t<div class=\"elementor-widget-wrap elementor-element-populated\">\n\t\t\t\t\t\t\t\t<div class=\"elementor-element elementor-element-c4ee7a7 elementor-widget elementor-widget-image\" data-id=\"c4ee7a7\" data-element_type=\"widget\" data-widget_type=\"image.default\">\n\t\t\t\t<div class=\"elementor-widget-container\">\n\t\t\t\t\t\t\t\t\t\t\t\t\t\t\t\t<a href=\"http:\/\/aspeam.fr\/wp-content\/uploads\/2018\/06\/Couverture-th\u00e8se-prudhomies-de-p\u00eache-1.jpg\" data-elementor-open-lightbox=\"yes\" data-elementor-lightbox-title=\"Couverture th\u00e8se prud&#039;homies de p\u00eache\" data-e-action-hash=\"#elementor-action%3Aaction%3Dlightbox%26settings%3DeyJpZCI6NTYsInVybCI6Imh0dHBzOlwvXC9hc3BlYW0uZnJcL3dwLWNvbnRlbnRcL3VwbG9hZHNcLzIwMThcLzA2XC9Db3V2ZXJ0dXJlLXRoXHUwMGU4c2UtcHJ1ZGhvbWllcy1kZS1wXHUwMGVhY2hlLTEtZTE1MzQzMjY4NDcxNzUuanBnIn0%3D\">\n\t\t\t\t\t\t\t<img loading=\"lazy\" decoding=\"async\" width=\"200\" height=\"281\" src=\"https:\/\/aspeam.fr\/wp-content\/uploads\/2018\/06\/Couverture-th\u00e8se-prudhomies-de-p\u00eache-1-e1534326847175.jpg\" class=\"attachment-large size-large wp-image-56\" alt=\"\" \/>\t\t\t\t\t\t\t\t<\/a>\n\t\t\t\t\t\t\t\t\t\t\t\t\t\t\t<\/div>\n\t\t\t\t<\/div>\n\t\t\t\t\t<\/div>\n\t\t<\/div>\n\t\t\t\t<div class=\"elementor-column elementor-col-50 elementor-top-column elementor-element elementor-element-85d4dfb\" data-id=\"85d4dfb\" data-element_type=\"column\">\n\t\t\t<div class=\"elementor-widget-wrap elementor-element-populated\">\n\t\t\t\t\t\t\t\t<div class=\"elementor-element elementor-element-292729d elementor-widget elementor-widget-text-editor\" data-id=\"292729d\" data-element_type=\"widget\" data-widget_type=\"text-editor.default\">\n\t\t\t\t<div class=\"elementor-widget-container\">\n\t\t\t\t\t\t\t<p><strong><em>Delphine RAUCH, Les prud&rsquo;homies de p\u00eache en M\u00e9diterran\u00e9e\u00a0<span id=\"hikashop_product_name_main\" class=\"hikashop_product_name_main\">fran\u00e7aise \u00e0 l\u2019\u00e9poque contemporaine.\u00a0<\/span><span id=\"hikashop_product_custom_value_16\">Entre justice professionnelle, communaut\u00e9 de m\u00e9tier et pr\u00e9servation du milieu maritime<\/span><span id=\"hikashop_product_name_main\" class=\"hikashop_product_name_main\">, <\/span><span id=\"hikashop_product_name_main\" class=\"hikashop_product_name_main\">Nice,\u00a0<\/span>Serre, ASPEAM, 2018, 516 p.<\/em><\/strong><\/p><p><strong>10 illustrations NB et couleurs.<\/strong><\/p><p><strong>Prix : 30,00 \u20ac <\/strong>(+ 5,00 \u20ac de frais de port \u00e9ventuels).<\/p><p><span style=\"text-decoration: underline;\"><strong>Bon de commande <a href=\"http:\/\/aspeam.fr\/wp-content\/uploads\/2018\/01\/Bon-commande-th\u00e8se-prudhomies-de-p\u00eache.pdf\" target=\"_blank\" rel=\"noopener\">\u00ab\u00a0prud&rsquo;homies de p\u00eache\u00a0\u00bb<\/a><\/strong>.<\/span><\/p>\t\t\t\t\t\t<\/div>\n\t\t\t\t<\/div>\n\t\t\t\t\t<\/div>\n\t\t<\/div>\n\t\t\t\t\t\t\t<\/div>\n\t\t<\/section>\n\t\t\t\t\t\t\t<\/div>\n\t\t","protected":false},"excerpt":{"rendered":"<p>R\u00e9sum\u00e9 : Institutions ambigu\u00ebs et hybrides, les prud\u2019homies de p\u00eache constituent \u00e0 la fois une communaut\u00e9 professionnelle et une juridiction de p\u00eacheurs. Elles ont peu chang\u00e9 depuis leurs origines m\u00e9di\u00e9vales sur les bords de la M\u00e9diterran\u00e9e, elles conservent une physionomie patriarcale, paternaliste et m\u00eame quasi-familiale dans l\u2019exercice quotidien de leurs attributions. Elles sont d\u2019ailleurs encore r\u00e9gies par le d\u00e9cret, \u00e0 peine modifi\u00e9, du 19 novembre 1859 sur la police de la p\u00eache dans le cinqui\u00e8me arrondissement maritime, qui comprend les ports et c\u00f4tes de M\u00e9diterran\u00e9e. Ce d\u00e9cret leur conf\u00e8re des pr\u00e9rogatives particuli\u00e8res qui octroient aux p\u00eacheurs une certaine autonomie et font toute l\u2019originalit\u00e9 de l\u2019institution. Elus par leurs pairs \u00e0 la t\u00eate des prud\u2019homies et plac\u00e9s sous l\u2019autorit\u00e9 exclusive du minist\u00e8re de la Marine, les prud\u2019hommes p\u00eacheurs sont fortement ancr\u00e9s dans les soci\u00e9t\u00e9s locales et cumulent une pluralit\u00e9 de pouvoirs dans les domaines \u00e9conomiques, sociaux, r\u00e9glementaires, disciplinaires, de police, juridiques et \u00e9cologiques. En ce sens, l\u2019institution n\u2019a pu que susciter la curiosit\u00e9, voire la perplexit\u00e9 et l\u2019interrogation, de la doctrine fran\u00e7aise et des tribunaux depuis le XIXe si\u00e8cle. L\u2019int\u00e9r\u00eat de cet important travail de th\u00e8se est d\u2019expliquer, gr\u00e2ce au d\u00e9pouillement de nombreuses sources archivistiques, la p\u00e9rennit\u00e9 exceptionnelle des prud\u2019homies de p\u00eache malgr\u00e9 les nombreux changements de r\u00e9gime politique, et leurs pouvoirs exorbitants de droit commun. Il permet aussi de mesurer quels r\u00f4les effectifs peuvent encore avoir les prud\u2019homies face aux transformations de la p\u00eache maritimes et autres organisations nationales et europ\u00e9ennes, parfois concurrentes. Auteur :\u00a0Delphine Rauch est docteure en histoire du droit et chercheure associ\u00e9e au sein du Laboratoire ERMES de l\u2019Universit\u00e9 Nice Sophia Antipolis, membre de l\u2019Universit\u00e9 C\u00f4te d\u2019Azur. Ses recherches en droit maritime ont \u00e9t\u00e9 salu\u00e9es et r\u00e9compens\u00e9es par l\u2019Acad\u00e9mie de Marine et la Soci\u00e9t\u00e9 Fran\u00e7aise d\u2019Histoire Maritime. Delphine RAUCH, Les prud&rsquo;homies de p\u00eache en M\u00e9diterran\u00e9e\u00a0fran\u00e7aise \u00e0 l\u2019\u00e9poque contemporaine.\u00a0Entre justice professionnelle, communaut\u00e9 de m\u00e9tier et pr\u00e9servation du milieu maritime, Nice,\u00a0Serre, ASPEAM, 2018, 516 p. 10 illustrations NB et couleurs. Prix : 30,00 \u20ac (+ 5,00 \u20ac de frais de port \u00e9ventuels). Bon de commande \u00ab\u00a0prud&rsquo;homies de p\u00eache\u00a0\u00bb.<\/p>\n","protected":false},"author":1,"featured_media":56,"comment_status":"open","ping_status":"open","sticky":false,"template":"","format":"standard","meta":{"_jetpack_memberships_contains_paid_content":false,"footnotes":""},"categories":[3],"tags":[7,8,6,4,5],"jetpack_sharing_enabled":true,"jetpack_featured_media_url":"https:\/\/aspeam.fr\/wp-content\/uploads\/2018\/06\/Couverture-th\u00e8se-prudhomies-de-p\u00eache-1-e1534326847175.jpg","_links":{"self":[{"href":"https:\/\/aspeam.fr\/index.php\/wp-json\/wp\/v2\/posts\/55"}],"collection":[{"href":"https:\/\/aspeam.fr\/index.php\/wp-json\/wp\/v2\/posts"}],"about":[{"href":"https:\/\/aspeam.fr\/index.php\/wp-json\/wp\/v2\/types\/post"}],"author":[{"embeddable":true,"href":"https:\/\/aspeam.fr\/index.php\/wp-json\/wp\/v2\/users\/1"}],"replies":[{"embeddable":true,"href":"https:\/\/aspeam.fr\/index.php\/wp-json\/wp\/v2\/comments?post=55"}],"version-history":[{"count":28,"href":"https:\/\/aspeam.fr\/index.php\/wp-json\/wp\/v2\/posts\/55\/revisions"}],"predecessor-version":[{"id":468,"href":"https:\/\/aspeam.fr\/index.php\/wp-json\/wp\/v2\/posts\/55\/revisions\/468"}],"wp:featuredmedia":[{"embeddable":true,"href":"https:\/\/aspeam.fr\/index.php\/wp-json\/wp\/v2\/media\/56"}],"wp:attachment":[{"href":"https:\/\/aspeam.fr\/index.php\/wp-json\/wp\/v2\/media?parent=55"}],"wp:term":[{"taxonomy":"category","embeddable":true,"href":"https:\/\/aspeam.fr\/index.php\/wp-json\/wp\/v2\/categories?post=55"},{"taxonomy":"post_tag","embeddable":true,"href":"https:\/\/aspeam.fr\/index.php\/wp-json\/wp\/v2\/tags?post=55"}],"curies":[{"name":"wp","href":"https:\/\/api.w.org\/{rel}","templated":true}]}}