{"id":726,"date":"2019-11-20T06:22:56","date_gmt":"2019-11-20T05:22:56","guid":{"rendered":"http:\/\/aspeam.fr\/?p=726"},"modified":"2019-11-20T06:44:42","modified_gmt":"2019-11-20T05:44:42","slug":"conference","status":"publish","type":"post","link":"https:\/\/aspeam.fr\/index.php\/2019\/11\/20\/conference\/","title":{"rendered":"Conf\u00e9rence-signature de Mario Riberi"},"content":{"rendered":"\t\t<div data-elementor-type=\"wp-post\" data-elementor-id=\"726\" class=\"elementor elementor-726\">\n\t\t\t\t\t\t\t\t\t<section class=\"elementor-section elementor-top-section elementor-element elementor-element-3517c72 elementor-section-boxed elementor-section-height-default elementor-section-height-default\" data-id=\"3517c72\" data-element_type=\"section\">\n\t\t\t\t\t\t<div class=\"elementor-container elementor-column-gap-default\">\n\t\t\t\t\t<div class=\"elementor-column elementor-col-100 elementor-top-column elementor-element elementor-element-6b75293\" data-id=\"6b75293\" data-element_type=\"column\">\n\t\t\t<div class=\"elementor-widget-wrap elementor-element-populated\">\n\t\t\t\t\t\t\t\t<div class=\"elementor-element elementor-element-e8665d6 elementor-widget elementor-widget-text-editor\" data-id=\"e8665d6\" data-element_type=\"widget\" data-widget_type=\"text-editor.default\">\n\t\t\t\t<div class=\"elementor-widget-container\">\n\t\t\t\t\t\t\t<p>A l&rsquo;occasion de la sortie du <strong>livre \u00ab\u00a0Les d\u00e9put\u00e9s du pays ni\u00e7ois \u00e0 la chambre subalpine de Turin (1848-1860)\u00a0\u00bb de Mario RIBERI<\/strong>, chercheur en histoire du droit \u00e0 l&rsquo;Universit\u00e9 de Turin,<\/p><p>l&rsquo;ASPEAM a le plaisir d&rsquo;organiser une <strong>conf\u00e9rence-signature<\/strong> illustr\u00e9e de pr\u00e9sentation de notre nouvel ouvrage sur l\u2019histoire de la vie politique du Comt\u00e9 de Nice, \u00e0 travers les sources in\u00e9dites turinoises,<\/p><p>le <strong>Samedi 30 novembre \u00e0 15h00 \u00e0 l\u2019Espace Associations Nice Garibaldi,<\/strong> salle Aveline, Place Garibaldi.<\/p>\t\t\t\t\t\t<\/div>\n\t\t\t\t<\/div>\n\t\t\t\t<div class=\"elementor-element elementor-element-a9e8e59 elementor-widget elementor-widget-text-editor\" data-id=\"a9e8e59\" data-element_type=\"widget\" data-widget_type=\"text-editor.default\">\n\t\t\t\t<div class=\"elementor-widget-container\">\n\t\t\t\t\t\t\t<p><em><span style=\"letter-spacing: 0px;\">\u00ab Sur une douzaine d\u2019ann\u00e9es, une quinzaine de d\u00e9put\u00e9s en tout et pour tout sur sept l\u00e9gislatures, et seulement cinq \u00e0 la fois, perdus dans une Chambre de plus de deux-cents parlementaires, cela para\u00eet bien peu \u00e0 c\u00f4t\u00e9 des Savoyards, des Ligures et des Pi\u00e9montais. Et pourtant quels d\u00e9put\u00e9s ! Quelles voix, quelles prestances et quels discours chez Garibaldi, de Foresta, Bunico, Laurenti-Roubaudi, Niel, Bergondi et bien d\u2019autres pour d\u00e9fendre le Comt\u00e9 ! \u00c0 travers les d\u00e9bats parlementaires largement explor\u00e9s, cet ouvrage s\u2019av\u00e8re d\u2019une richesse insoup\u00e7onn\u00e9e, puisqu\u2019il illustre tant les pr\u00e9occupations locales de ces \u00e9lus, li\u00e9es au maintien du port- franc de Nice ou au d\u00e9senclavement dans l\u2019ancien comt\u00e9 de Nice, que des aspirations hautement politiques, li\u00e9es \u00e0 la future construction nationale italienne ou \u00e0 la position \u00e0 adopter \u00e0 l\u2019\u00e9gard de la France \u00bb.<\/span><\/em><\/p>\t\t\t\t\t\t<\/div>\n\t\t\t\t<\/div>\n\t\t\t\t\t<\/div>\n\t\t<\/div>\n\t\t\t\t\t\t\t<\/div>\n\t\t<\/section>\n\t\t\t\t<section class=\"elementor-section elementor-top-section elementor-element elementor-element-e2b92dc elementor-section-boxed elementor-section-height-default elementor-section-height-default\" data-id=\"e2b92dc\" data-element_type=\"section\">\n\t\t\t\t\t\t<div class=\"elementor-container elementor-column-gap-default\">\n\t\t\t\t\t<div class=\"elementor-column elementor-col-100 elementor-top-column elementor-element elementor-element-8dd79dd\" data-id=\"8dd79dd\" data-element_type=\"column\">\n\t\t\t<div class=\"elementor-widget-wrap elementor-element-populated\">\n\t\t\t\t\t\t\t\t<div class=\"elementor-element elementor-element-8b366bc elementor-widget elementor-widget-text-editor\" data-id=\"8b366bc\" data-element_type=\"widget\" data-widget_type=\"text-editor.default\">\n\t\t\t\t<div class=\"elementor-widget-container\">\n\t\t\t\t\t\t\t<p>Les membres de l&rsquo;ASPEAM qui seraient int\u00e9ress\u00e9s peuvent acqu\u00e9rir ledit ouvrage \u00e0 un <strong>tarif pr\u00e9f\u00e9rentiel de 20\u20ac<\/strong> en nous adressant le <strong><a href=\"http:\/\/aspeam.fr\/wp-content\/uploads\/2019\/11\/Bon-commande-Riberi.pdf\">bon de commande ici.<\/a><\/strong><\/p>\t\t\t\t\t\t<\/div>\n\t\t\t\t<\/div>\n\t\t\t\t\t<\/div>\n\t\t<\/div>\n\t\t\t\t\t\t\t<\/div>\n\t\t<\/section>\n\t\t\t\t\t\t\t<\/div>\n\t\t","protected":false},"excerpt":{"rendered":"<p>A l&rsquo;occasion de la sortie du livre \u00ab\u00a0Les d\u00e9put\u00e9s du pays ni\u00e7ois \u00e0 la chambre subalpine de Turin (1848-1860)\u00a0\u00bb de Mario RIBERI, chercheur en histoire du droit \u00e0 l&rsquo;Universit\u00e9 de Turin, l&rsquo;ASPEAM a le plaisir d&rsquo;organiser une conf\u00e9rence-signature illustr\u00e9e de pr\u00e9sentation de notre nouvel ouvrage sur l\u2019histoire de la vie politique du Comt\u00e9 de Nice, \u00e0 travers les sources in\u00e9dites turinoises, le Samedi 30 novembre \u00e0 15h00 \u00e0 l\u2019Espace Associations Nice Garibaldi, salle Aveline, Place Garibaldi. \u00ab Sur une douzaine d\u2019ann\u00e9es, une quinzaine de d\u00e9put\u00e9s en tout et pour tout sur sept l\u00e9gislatures, et seulement cinq \u00e0 la fois, perdus dans une Chambre de plus de deux-cents parlementaires, cela para\u00eet bien peu \u00e0 c\u00f4t\u00e9 des Savoyards, des Ligures et des Pi\u00e9montais. Et pourtant quels d\u00e9put\u00e9s ! Quelles voix, quelles prestances et quels discours chez Garibaldi, de Foresta, Bunico, Laurenti-Roubaudi, Niel, Bergondi et bien d\u2019autres pour d\u00e9fendre le Comt\u00e9 ! \u00c0 travers les d\u00e9bats parlementaires largement explor\u00e9s, cet ouvrage s\u2019av\u00e8re d\u2019une richesse insoup\u00e7onn\u00e9e, puisqu\u2019il illustre tant les pr\u00e9occupations locales de ces \u00e9lus, li\u00e9es au maintien du port- franc de Nice ou au d\u00e9senclavement dans l\u2019ancien comt\u00e9 de Nice, que des aspirations hautement politiques, li\u00e9es \u00e0 la future construction nationale italienne ou \u00e0 la position \u00e0 adopter \u00e0 l\u2019\u00e9gard de la France \u00bb. Les membres de l&rsquo;ASPEAM qui seraient int\u00e9ress\u00e9s peuvent acqu\u00e9rir ledit ouvrage \u00e0 un tarif pr\u00e9f\u00e9rentiel de 20\u20ac en nous adressant le bon de commande ici.<\/p>\n","protected":false},"author":1,"featured_media":743,"comment_status":"closed","ping_status":"closed","sticky":false,"template":"","format":"standard","meta":{"_jetpack_memberships_contains_paid_content":false,"footnotes":""},"categories":[12],"tags":[],"jetpack_sharing_enabled":true,"jetpack_featured_media_url":"https:\/\/aspeam.fr\/wp-content\/uploads\/2019\/11\/Riberi-Affiche-A4--e1574229431112.jpg","_links":{"self":[{"href":"https:\/\/aspeam.fr\/index.php\/wp-json\/wp\/v2\/posts\/726"}],"collection":[{"href":"https:\/\/aspeam.fr\/index.php\/wp-json\/wp\/v2\/posts"}],"about":[{"href":"https:\/\/aspeam.fr\/index.php\/wp-json\/wp\/v2\/types\/post"}],"author":[{"embeddable":true,"href":"https:\/\/aspeam.fr\/index.php\/wp-json\/wp\/v2\/users\/1"}],"replies":[{"embeddable":true,"href":"https:\/\/aspeam.fr\/index.php\/wp-json\/wp\/v2\/comments?post=726"}],"version-history":[{"count":21,"href":"https:\/\/aspeam.fr\/index.php\/wp-json\/wp\/v2\/posts\/726\/revisions"}],"predecessor-version":[{"id":750,"href":"https:\/\/aspeam.fr\/index.php\/wp-json\/wp\/v2\/posts\/726\/revisions\/750"}],"wp:featuredmedia":[{"embeddable":true,"href":"https:\/\/aspeam.fr\/index.php\/wp-json\/wp\/v2\/media\/743"}],"wp:attachment":[{"href":"https:\/\/aspeam.fr\/index.php\/wp-json\/wp\/v2\/media?parent=726"}],"wp:term":[{"taxonomy":"category","embeddable":true,"href":"https:\/\/aspeam.fr\/index.php\/wp-json\/wp\/v2\/categories?post=726"},{"taxonomy":"post_tag","embeddable":true,"href":"https:\/\/aspeam.fr\/index.php\/wp-json\/wp\/v2\/tags?post=726"}],"curies":[{"name":"wp","href":"https:\/\/api.w.org\/{rel}","templated":true}]}}