{"id":90,"date":"2017-12-01T05:03:22","date_gmt":"2017-12-01T04:03:22","guid":{"rendered":"http:\/\/aspeam.fr\/?p=90"},"modified":"2018-08-15T11:56:33","modified_gmt":"2018-08-15T09:56:33","slug":"etats-de-savoie-eglises-et-institutions-religieuses-des-reformes-au-risorgimento","status":"publish","type":"post","link":"https:\/\/aspeam.fr\/index.php\/2017\/12\/01\/etats-de-savoie-eglises-et-institutions-religieuses-des-reformes-au-risorgimento\/","title":{"rendered":"\u00c9tats de Savoie, \u00e9glises et institutions religieuses"},"content":{"rendered":"\t\t<div data-elementor-type=\"wp-post\" data-elementor-id=\"90\" class=\"elementor elementor-90 elementor-bc-flex-widget\">\n\t\t\t\t\t\t\t\t\t<section class=\"elementor-section elementor-top-section elementor-element elementor-element-74833370 elementor-section-boxed elementor-section-height-default elementor-section-height-default\" data-id=\"74833370\" data-element_type=\"section\">\n\t\t\t\t\t\t<div class=\"elementor-container elementor-column-gap-default\">\n\t\t\t\t\t<div class=\"elementor-column elementor-col-100 elementor-top-column elementor-element elementor-element-10c4c653\" data-id=\"10c4c653\" data-element_type=\"column\">\n\t\t\t<div class=\"elementor-widget-wrap elementor-element-populated\">\n\t\t\t\t\t\t\t\t<div class=\"elementor-element elementor-element-7bdb4d3 elementor-widget elementor-widget-text-editor\" data-id=\"7bdb4d3\" data-element_type=\"widget\" data-widget_type=\"text-editor.default\">\n\t\t\t\t<div class=\"elementor-widget-container\">\n\t\t\t\t\t\t\t<p><strong>R\u00e9sum\u00e9<\/strong> : Le colloque \u00ab \u00c9tats de Savoie, \u00c9glises et institutions religieuses, des r\u00e9formes au\u00a0<em>Risorgimento<\/em>\u00bb est la septi\u00e8me rencontre organis\u00e9e dans le cadre du P.R.I.D.A.E.S. (Programme de Recherche sur les Institutions et le Droit des Anciens \u00c9tats de Savoie).Il s\u2019est d\u00e9roul\u00e9 \u00e0 Lyon, en octobre 2013, \u00e0 l\u2019initiative du laboratoire ERMES (Universit\u00e9 C\u00f4te d\u2019Azur) et avec le concours de l\u2019\u00e9quipe RESEA (Religions, Soci\u00e9t\u00e9s Et Acculturation) du LARHRA (Laboratoire de Recherche Historique Rh\u00f4ne-Alpes, UMR 5190), rattach\u00e9 aux \u00e9tablissements universitaires lyonnais et grenoblois et au CNRS.<\/p><p>Cet ouvrage, r\u00e9unissant les actes de ce colloque,\u00a0 permet de monter comment, d\u2019une \u00e9poque \u00e0 l\u2019autre, les \u00c9tats de Savoie restent des \u00c9tats de l\u2019entre-deux, entre pays de France et p\u00e9ninsule italienne. En raison de cette situation particuli\u00e8re, les hommes et les id\u00e9es circulent, les influences se croisent, les mod\u00e8les s\u2019affrontent, les r\u00e8gles canoniques et les normes \u00e9tatiques entrent en tension.<\/p><p><span id=\"hikashop_product_name_main\" class=\"hikashop_product_name_main\">Les communications rassembl\u00e9es dans la premi\u00e8re partie du volume sous le titre \u00ab Principes, d\u00e9bats, conflits \u00bb permettent, en suivant des personnalit\u00e9s, ou en d\u00e9cryptant des principes juridiques et des discours, d\u2019analyser les institutions religieuses, avant et apr\u00e8s la R\u00e9volution. Sous le titre \u00ab Minorit\u00e9s, institutions, pratiques \u00bb, les communications de la seconde partie s\u2019int\u00e9ressent au statut juridique des minorit\u00e9s confessionnelles, aux congr\u00e9gations religieuses,aux institutions scolaires ou caritatives et au patrimoine religieux. Le r\u00e9sultat constitue un ensemble stimulant pour les historiens du droit comme pour les historiens du fait religieux, italiens et fran\u00e7ais, invit\u00e9s \u00e0 ne pas n\u00e9gliger la sp\u00e9cificit\u00e9 des \u00c9tats de Savoie entre France et Italie, tout \u00e0 la fois coh\u00e9rents et divers.<\/span><\/p>\t\t\t\t\t\t<\/div>\n\t\t\t\t<\/div>\n\t\t\t\t\t<\/div>\n\t\t<\/div>\n\t\t\t\t\t\t\t<\/div>\n\t\t<\/section>\n\t\t\t\t<section class=\"elementor-section elementor-top-section elementor-element elementor-element-bf96e45 elementor-section-boxed elementor-section-height-default elementor-section-height-default\" data-id=\"bf96e45\" data-element_type=\"section\">\n\t\t\t\t\t\t<div class=\"elementor-container elementor-column-gap-default\">\n\t\t\t\t\t<div class=\"elementor-column elementor-col-50 elementor-top-column elementor-element elementor-element-0ba33d0\" data-id=\"0ba33d0\" data-element_type=\"column\">\n\t\t\t<div class=\"elementor-widget-wrap elementor-element-populated\">\n\t\t\t\t\t\t\t\t<div class=\"elementor-element elementor-element-c01bf4e elementor-widget elementor-widget-image\" data-id=\"c01bf4e\" data-element_type=\"widget\" data-widget_type=\"image.default\">\n\t\t\t\t<div class=\"elementor-widget-container\">\n\t\t\t\t\t\t\t\t\t\t\t\t\t\t\t\t<a href=\"http:\/\/aspeam.fr\/wp-content\/uploads\/2018\/06\/couv-pridaes-vii.jpg\" data-elementor-open-lightbox=\"yes\" data-elementor-lightbox-title=\"PRIDAES VII\" data-elementor-lightbox-description=\"PRIDAES VII\" data-e-action-hash=\"#elementor-action%3Aaction%3Dlightbox%26settings%3DeyJpZCI6OTYsInVybCI6Imh0dHBzOlwvXC9hc3BlYW0uZnJcL3dwLWNvbnRlbnRcL3VwbG9hZHNcLzIwMThcLzA2XC9jb3V2LXByaWRhZXMtdmlpLWUxNTM0MzI2OTgwNjQwLmpwZyJ9\">\n\t\t\t\t\t\t\t<img loading=\"lazy\" decoding=\"async\" width=\"200\" height=\"283\" src=\"https:\/\/aspeam.fr\/wp-content\/uploads\/2018\/06\/couv-pridaes-vii-e1534326980640.jpg\" class=\"attachment-large size-large wp-image-96\" alt=\"PRIDAES VII\" \/>\t\t\t\t\t\t\t\t<\/a>\n\t\t\t\t\t\t\t\t\t\t\t\t\t\t\t<\/div>\n\t\t\t\t<\/div>\n\t\t\t\t\t<\/div>\n\t\t<\/div>\n\t\t\t\t<div class=\"elementor-column elementor-col-50 elementor-top-column elementor-element elementor-element-071440a\" data-id=\"071440a\" data-element_type=\"column\">\n\t\t\t<div class=\"elementor-widget-wrap elementor-element-populated\">\n\t\t\t\t\t\t\t\t<div class=\"elementor-element elementor-element-6fef6f9 elementor-widget elementor-widget-text-editor\" data-id=\"6fef6f9\" data-element_type=\"widget\" data-widget_type=\"text-editor.default\">\n\t\t\t\t<div class=\"elementor-widget-container\">\n\t\t\t\t\t\t\t<p>\u00a0<\/p><p><strong><span id=\"hikashop_product_name_main\" class=\"hikashop_product_name_main\">Marc ORTOLANI, Christian SORREL, Olivier VERNIER (s.d.), <em>\u00c9<\/em><\/span><span id=\"hikashop_product_custom_value_16\"><em>tats de Savoie, \u00e9glises et institutions religieuses des r\u00e9formes au Risorgimento, Actes du colloque international de Lyon, 17-19 octobre 2013<\/em>, Nice, Serre, ASPEAM, 2017, PRIDAES, Programme\u00a0<span class=\"highlight\">de<\/span>\u00a0recherche sur les\u00a0<span class=\"highlight\">institutions<\/span>\u00a0et le droit\u00a0<span class=\"highlight\">des<\/span>\u00a0anciens\u00a0<span class=\"highlight\">\u00c9tats<\/span>\u00a0<span class=\"highlight\">de<\/span>\u00a0<span class=\"highlight\">Savoie. 7,\u00a0<\/span>372 p.<\/span><\/strong><\/p><p><strong>8 illustrations NB.<\/strong><\/p><p><strong>Prix : 30,00 \u20ac\u00a0<\/strong>(+ 5,00 \u20ac de frais de port \u00e9ventuels).<\/p>\t\t\t\t\t\t<\/div>\n\t\t\t\t<\/div>\n\t\t\t\t\t<\/div>\n\t\t<\/div>\n\t\t\t\t\t\t\t<\/div>\n\t\t<\/section>\n\t\t\t\t\t\t\t<\/div>\n\t\t","protected":false},"excerpt":{"rendered":"<p>R\u00e9sum\u00e9 : Le colloque \u00ab \u00c9tats de Savoie, \u00c9glises et institutions religieuses, des r\u00e9formes au\u00a0Risorgimento\u00bb est la septi\u00e8me rencontre organis\u00e9e dans le cadre du P.R.I.D.A.E.S. (Programme de Recherche sur les Institutions et le Droit des Anciens \u00c9tats de Savoie).Il s\u2019est d\u00e9roul\u00e9 \u00e0 Lyon, en octobre 2013, \u00e0 l\u2019initiative du laboratoire ERMES (Universit\u00e9 C\u00f4te d\u2019Azur) et avec le concours de l\u2019\u00e9quipe RESEA (Religions, Soci\u00e9t\u00e9s Et Acculturation) du LARHRA (Laboratoire de Recherche Historique Rh\u00f4ne-Alpes, UMR 5190), rattach\u00e9 aux \u00e9tablissements universitaires lyonnais et grenoblois et au CNRS. Cet ouvrage, r\u00e9unissant les actes de ce colloque,\u00a0 permet de monter comment, d\u2019une \u00e9poque \u00e0 l\u2019autre, les \u00c9tats de Savoie restent des \u00c9tats de l\u2019entre-deux, entre pays de France et p\u00e9ninsule italienne. En raison de cette situation particuli\u00e8re, les hommes et les id\u00e9es circulent, les influences se croisent, les mod\u00e8les s\u2019affrontent, les r\u00e8gles canoniques et les normes \u00e9tatiques entrent en tension. Les communications rassembl\u00e9es dans la premi\u00e8re partie du volume sous le titre \u00ab Principes, d\u00e9bats, conflits \u00bb permettent, en suivant des personnalit\u00e9s, ou en d\u00e9cryptant des principes juridiques et des discours, d\u2019analyser les institutions religieuses, avant et apr\u00e8s la R\u00e9volution. Sous le titre \u00ab Minorit\u00e9s, institutions, pratiques \u00bb, les communications de la seconde partie s\u2019int\u00e9ressent au statut juridique des minorit\u00e9s confessionnelles, aux congr\u00e9gations religieuses,aux institutions scolaires ou caritatives et au patrimoine religieux. Le r\u00e9sultat constitue un ensemble stimulant pour les historiens du droit comme pour les historiens du fait religieux, italiens et fran\u00e7ais, invit\u00e9s \u00e0 ne pas n\u00e9gliger la sp\u00e9cificit\u00e9 des \u00c9tats de Savoie entre France et Italie, tout \u00e0 la fois coh\u00e9rents et divers. Marc ORTOLANI, Christian SORREL, Olivier VERNIER (s.d.), \u00c9tats de Savoie, \u00e9glises et institutions religieuses des r\u00e9formes au Risorgimento, Actes du colloque international de Lyon, 17-19 octobre 2013, Nice, Serre, ASPEAM, 2017, PRIDAES, Programme\u00a0de\u00a0recherche sur les\u00a0institutions\u00a0et le droit\u00a0des\u00a0anciens\u00a0\u00c9tats\u00a0de\u00a0Savoie. 7,\u00a0372 p. 8 illustrations NB. Prix : 30,00 \u20ac\u00a0(+ 5,00 \u20ac de frais de port \u00e9ventuels).<\/p>\n","protected":false},"author":1,"featured_media":96,"comment_status":"open","ping_status":"open","sticky":false,"template":"","format":"standard","meta":{"_jetpack_memberships_contains_paid_content":false,"footnotes":""},"categories":[3],"tags":[21,20,23,24,14,19,4,22],"jetpack_sharing_enabled":true,"jetpack_featured_media_url":"https:\/\/aspeam.fr\/wp-content\/uploads\/2018\/06\/couv-pridaes-vii-e1534326980640.jpg","_links":{"self":[{"href":"https:\/\/aspeam.fr\/index.php\/wp-json\/wp\/v2\/posts\/90"}],"collection":[{"href":"https:\/\/aspeam.fr\/index.php\/wp-json\/wp\/v2\/posts"}],"about":[{"href":"https:\/\/aspeam.fr\/index.php\/wp-json\/wp\/v2\/types\/post"}],"author":[{"embeddable":true,"href":"https:\/\/aspeam.fr\/index.php\/wp-json\/wp\/v2\/users\/1"}],"replies":[{"embeddable":true,"href":"https:\/\/aspeam.fr\/index.php\/wp-json\/wp\/v2\/comments?post=90"}],"version-history":[{"count":12,"href":"https:\/\/aspeam.fr\/index.php\/wp-json\/wp\/v2\/posts\/90\/revisions"}],"predecessor-version":[{"id":343,"href":"https:\/\/aspeam.fr\/index.php\/wp-json\/wp\/v2\/posts\/90\/revisions\/343"}],"wp:featuredmedia":[{"embeddable":true,"href":"https:\/\/aspeam.fr\/index.php\/wp-json\/wp\/v2\/media\/96"}],"wp:attachment":[{"href":"https:\/\/aspeam.fr\/index.php\/wp-json\/wp\/v2\/media?parent=90"}],"wp:term":[{"taxonomy":"category","embeddable":true,"href":"https:\/\/aspeam.fr\/index.php\/wp-json\/wp\/v2\/categories?post=90"},{"taxonomy":"post_tag","embeddable":true,"href":"https:\/\/aspeam.fr\/index.php\/wp-json\/wp\/v2\/tags?post=90"}],"curies":[{"name":"wp","href":"https:\/\/api.w.org\/{rel}","templated":true}]}}